[{"@context":"https:\/\/schema.org\/","@type":"Article","@id":"https:\/\/www.datop.cz\/hudba-v-promenach-casu\/#Article","mainEntityOfPage":"https:\/\/www.datop.cz\/hudba-v-promenach-casu\/","headline":"Hudba v prom\u011bn\u00e1ch \u010dasu","name":"Hudba v prom\u011bn\u00e1ch \u010dasu","description":"Co pro n\u00e1s znamen\u00e1 hudba? Je velmi zaj\u00edmav\u00e9 se pod\u00edvat na to, jak se hudba v minul\u00fdch letech vyv\u00edjela, v &hellip; ","datePublished":"2025-03-29","dateModified":"2025-03-29","author":{"@type":"Person","@id":"https:\/\/www.datop.cz\/author\/#Person","name":"","url":"https:\/\/www.datop.cz\/author\/","identifier":1,"image":{"@type":"ImageObject","@id":"https:\/\/secure.gravatar.com\/avatar\/edf965aa5e6319b22667bed24bb070a38fc0326fd1c728db50dc1d860a4a16ad?s=96&d=mm&r=g","url":"https:\/\/secure.gravatar.com\/avatar\/edf965aa5e6319b22667bed24bb070a38fc0326fd1c728db50dc1d860a4a16ad?s=96&d=mm&r=g","height":96,"width":96}},"publisher":{"@type":"Organization","name":"datop.cz","logo":{"@type":"ImageObject","@id":"\/logo.png","url":"\/logo.png","width":600,"height":60}},"image":{"@type":"ImageObject","@id":"https:\/\/www.datop.cz\/wp-content\/uploads\/mozart-3890153_640.jpg","url":"https:\/\/www.datop.cz\/wp-content\/uploads\/mozart-3890153_640.jpg","height":0,"width":0},"url":"https:\/\/www.datop.cz\/hudba-v-promenach-casu\/","about":["Firmy"],"wordCount":389,"articleBody":"       Co pro n\u00e1s znamen\u00e1 hudba? Je velmi zaj\u00edmav\u00e9 se pod\u00edvat na to, jak se hudba v minul\u00fdch letech vyv\u00edjela, v \u010dem\u017e m\u016f\u017eeme vid\u011bt i odraz tehdej\u0161\u00ed spole\u010dnosti a jej\u00ed v\u00fdvoj. Pokud bychom se pod\u00edvali na tu opravdu p\u016fvodn\u00ed hudbu r\u016fzn\u00fdch p\u016fvodn\u00edch kmen\u016f, m\u016f\u017ee n\u00e1s zarazit, jak moc tehdej\u0161\u00ed lid\u00e9 kladli d\u016fraz na samotn\u00fd rytmus hudby, ale melodie byla v\u00fdrazn\u011b potla\u010den\u00e1. Je to d\u00e1no t\u00edm, \u017ee tehdej\u0161\u00ed lid\u00e9 nem\u011bli je\u0161t\u011b k dispozici takov\u00e9 hudebn\u00ed n\u00e1stroje, kter\u00e9 by melodii vytv\u00e1\u0159eli. Na jejich n\u00e1stroje se obvykle bubnuje a zvuky r\u016fzn\u00fdch bub\u00ednk\u016f pak d\u00e1vaj\u00ed dohromady specifick\u00e9 zvuky. Tento styl hudby se st\u00e1le je\u0161t\u011b udr\u017eel a je nedomysliteln\u011b spojen s kulturou m\u00edstn\u00edch obyvatel. Dostupnost ur\u010dit\u00fdch hudebn\u00edch n\u00e1stroj\u016f v\u00fdznamn\u011b ovlivnil i jin\u00e9 n\u00e1rody a kultury. Nap\u0159\u00edklad lid\u00e9 z Ji\u017en\u00ed Ameriky (Inkov\u00e9) ve sv\u00fdch p\u00edsn\u00edch vyu\u017e\u00edvaj\u00ed velmi \u010dasto r\u016fzn\u00e9 druhy p\u00ed\u0161\u0165al, co\u017e dod\u00e1v\u00e1 jejich hudb\u011b sv\u00e9r\u00e1zn\u00fd styl. Stejn\u011b tak se m\u016f\u017eeme zamyslet nad na\u0161\u00ed tradi\u010dn\u00ed hudbou. Jako tradi\u010dn\u00ed bychom ozna\u010dili pravd\u011bpodobn\u011b p\u00edsn\u011b, kter\u00e9 ozna\u010dujeme tak\u00e9 jako folkl\u00f3rn\u00ed. Ty jsou specifick\u00e9 pro ka\u017ed\u00fd region. Velmi \u010dasto v sob\u011b nesou ur\u010dit\u00fd p\u0159\u00edb\u011bh. B\u011b\u017en\u011b se jedn\u00e1 o chlapce, kter\u00fd si namlouv\u00e1 m\u00edstn\u00ed d\u011bv\u010de, a to bu\u010f jeho nab\u00eddku odm\u00edt\u00e1 anebo naopak vyzn\u00e1v\u00e1 l\u00e1sku chlapci zp\u00e1tky. Na\u0161li bychom ale tak\u00e9 jin\u00e9 motivy, smutn\u00e9 i vesel\u00e9. Jako dal\u0161\u00ed skupinu bychom mohli popsat klasickou hudbu, kter\u00e1 je ji\u017e glob\u00e1ln\u011bj\u0161\u00ed, ale zase n\u00e1s v\u00fdznamn\u011bji ovliv\u0148uje. Do dne\u0161n\u00ed doby se jedn\u00e1 o speci\u00e1ln\u00ed veled\u00edla, kter\u00e1 budou jen st\u011b\u017e\u00ed p\u0159ekon\u00e1na. Asi nejv\u00fdznamn\u011bj\u0161\u00edmi skladateli, kter\u00e9 bychom sem jist\u011b za\u0159adili, jsou Wolfgang Amadeus Mozart nebo t\u0159eba Johann Sebastian Bach. Pokud tak\u00e9 ocen\u00edte tento z\u00e1\u017eitek a r\u00e1di se do t\u00f3n\u016f klasick\u00e9 hudby zaposlouch\u00e1te, pod\u00edvejte se na \u0161pan\u011blsk\u00e1 synagoga program. Tam si jist\u011b vyberete n\u011bco, co V\u00e1s nadchne a co V\u00e1m p\u0159inese siln\u00fd z\u00e1\u017eitek.                                                                                                                                                                                                                                                                                                                                                                                           4\/5 - (8 votes)        "},{"@context":"https:\/\/schema.org\/","@type":"BreadcrumbList","itemListElement":[{"@type":"ListItem","position":1,"name":"Hudba v prom\u011bn\u00e1ch \u010dasu","item":"https:\/\/www.datop.cz\/hudba-v-promenach-casu\/#breadcrumbitem"}]}]