[{"@context":"https:\/\/schema.org\/","@type":"Article","@id":"https:\/\/www.datop.cz\/klid-na-premysleni\/#Article","mainEntityOfPage":"https:\/\/www.datop.cz\/klid-na-premysleni\/","headline":"Klid na p\u0159em\u00fd\u0161len\u00ed","name":"Klid na p\u0159em\u00fd\u0161len\u00ed","description":"D\u016fm ka\u017ed\u00e9mu \u010dlov\u011bku p\u0159inese tu nejkr\u00e1sn\u011bj\u0161\u00ed radost. Takov\u00fd pocit m\u00e1m p\u0159esn\u011b v\u017edycky j\u00e1, hlavn\u011b kdy\u017e p\u0159ijdu dom\u016f z pr\u00e1ce, proto\u017ee &hellip; ","datePublished":"2024-06-29","dateModified":"2024-06-29","author":{"@type":"Person","@id":"https:\/\/www.datop.cz\/author\/#Person","name":"","url":"https:\/\/www.datop.cz\/author\/","identifier":1,"image":{"@type":"ImageObject","@id":"https:\/\/secure.gravatar.com\/avatar\/edf965aa5e6319b22667bed24bb070a38fc0326fd1c728db50dc1d860a4a16ad?s=96&d=mm&r=g","url":"https:\/\/secure.gravatar.com\/avatar\/edf965aa5e6319b22667bed24bb070a38fc0326fd1c728db50dc1d860a4a16ad?s=96&d=mm&r=g","height":96,"width":96}},"publisher":{"@type":"Organization","name":"datop.cz","logo":{"@type":"ImageObject","@id":"\/logo.png","url":"\/logo.png","width":600,"height":60}},"image":{"@type":"ImageObject","@id":"https:\/\/www.datop.cz\/wp-content\/uploads\/key-2323278_640_10_10_10_10_10_10_10_10_10_10_5.jpg","url":"https:\/\/www.datop.cz\/wp-content\/uploads\/key-2323278_640_10_10_10_10_10_10_10_10_10_10_5.jpg","height":0,"width":0},"url":"https:\/\/www.datop.cz\/klid-na-premysleni\/","about":["D\u016fm"],"wordCount":478,"articleBody":"D\u016fm ka\u017ed\u00e9mu \u010dlov\u011bku p\u0159inese tu nejkr\u00e1sn\u011bj\u0161\u00ed radost. Takov\u00fd pocit m\u00e1m p\u0159esn\u011b v\u017edycky j\u00e1, hlavn\u011b kdy\u017e p\u0159ijdu dom\u016f z pr\u00e1ce, proto\u017ee najednou c\u00edt\u00edm takovou velkou a silnou \u00falevu, kter\u00e1 je velice pozitivn\u00ed, a hlavn\u011b m\u011b velice doj\u00edm\u00e1. A to pr\u00e1v\u011b t\u00edm, kdy\u017e si sednu doma ke kaf\u00ed\u010dku a nemus\u00edm v tu chv\u00edli nic d\u011blat. Doma se mi velice kr\u00e1sn\u011b p\u0159em\u00fd\u0161l\u00ed, proto\u017ee m\u00e1m v\u017edycky pocit, \u017ee mohu naj\u00edt t\u0159eba nov\u00e9 poznatky, nov\u00e9 my\u0161lenky, a mohu t\u0159eba dokonce i n\u011bco vybudovat. J\u00e1 m\u00e1m prost\u011b takov\u00fd pocit, nev\u00edm, jak to ka\u017ed\u00fd vn\u00edm\u00e1, ale prost\u011b mysl\u00edm si, \u017ee ka\u017ed\u00fd \u010dlov\u011bk vn\u00edm\u00e1 n\u011bco, co mu pr\u00e1v\u011b ten domov d\u00e1v\u00e1. \u00a0\u00a0M\u011b d\u016fm d\u00e1v\u00e1 n\u011bco siln\u00e9ho, a hlavn\u011b siln\u00e9 pouto, kter\u00e9 vn\u00edm\u00e1m v tom, \u017ee si mohu i n\u011bco zrealizovat a mohu m\u00edt nov\u00e9 n\u00e1pady. J\u00e1 jsem velice realistick\u00e1 a m\u00e1m stra\u0161n\u011b r\u00e1da, kdy\u017e pozn\u00e1v\u00e1m nov\u00e9 v\u011bci, kter\u00e9 si mohu sama zrealizovat, a to pr\u00e1v\u011b t\u00edm, kdy\u017e si t\u0159eba vytvo\u0159\u00edm n\u011bjakou novou v\u00fdzdobu. Takovou radost v\u017edycky ud\u011bl\u00e1m j\u00e1, proto\u017ee v\u00edm, \u017ee kdy\u017e si tu radost ud\u011bl\u00e1m, m\u00e1m pocit, \u017ee najednou, jak kdybych vn\u00edmala sv\u011bt tro\u0161ku jin\u00fdm pohledem, a m\u00e1m takov\u00fd jin\u00fd vzduch a l\u00e9pe se mi d\u00fdch\u00e1, proto\u017ee m\u00e1m pocit, \u017ee jsem se t\u0159eba zase v n\u011b\u010dem posunula a \u017ee jsem na\u0161la n\u011bco nov\u00e9ho, co jsem t\u0159eba ani nena\u0161la, proto\u017ee jsem si k tomu kaf\u00ed\u010dku takhle nesedla. \u00a0\u00a0A kdy\u017e si k n\u011bmu sednu, tak najednou v\u00edm, \u017ee jsem na\u0161la n\u011bco, co jsem p\u0159esn\u011b pot\u0159ebovala. Takov\u00fd klid toho domova je velice kr\u00e1sn\u00fd, tak\u017ee v\u0159ele doporu\u010duji v\u0161em, aby kdy\u017e p\u0159ijdou dom\u016f z pr\u00e1ce, na\u0161li nic jin\u00e9ho d\u011blat ne\u017e si prost\u011b sednout a chv\u00edli se porozhl\u00e9dnout, co byste t\u0159eba doma vymysleli, proto\u017ee je mnoho r\u016fzn\u00fdch n\u00e1pad\u016f, kter\u00e9 si m\u016f\u017eete kr\u00e1sn\u011b zrealizovat. A v\u011b\u0159te, \u017ee se v\u00e1m bude t\u0159eba i v\u00edc ve v\u0161em da\u0159it a budete m\u00edt nov\u00e9 n\u00e1pady pro va\u0161i budoucnost. Nikdy se v \u017eivot\u011b z ni\u010deho neztra\u0165te, proto\u017ee \u017eivot n\u00e1m d\u00e1v\u00e1 novou nad\u011bji a nov\u00e9 my\u0161len\u00ed, a to ka\u017ed\u00fd den. Tak\u017ee kdy\u017e se chv\u00edli posad\u00edte v klidu a budete p\u0159em\u00fd\u0161let, tak v\u011b\u0159te, \u017ee najdete nov\u00e9 v\u011bci.                                                                                                                                                                                                                                                                                                                                                                                        3.4\/5 - (13 votes)        "},{"@context":"https:\/\/schema.org\/","@type":"BreadcrumbList","itemListElement":[{"@type":"ListItem","position":1,"name":"Klid na p\u0159em\u00fd\u0161len\u00ed","item":"https:\/\/www.datop.cz\/klid-na-premysleni\/#breadcrumbitem"}]}]