[{"@context":"https:\/\/schema.org\/","@type":"Article","@id":"https:\/\/www.datop.cz\/nabytek-pro-vas\/#Article","mainEntityOfPage":"https:\/\/www.datop.cz\/nabytek-pro-vas\/","headline":"N\u00e1bytek pro V\u00e1s","name":"N\u00e1bytek pro V\u00e1s","description":"U\u017e dlouhou dobu p\u0159em\u00fd\u0161l\u00edte o tom, \u017ee si po\u0159\u00edd\u00edte nov\u00fd n\u00e1bytek, proto\u017ee ten star\u00fd u\u017e neslou\u017e\u00ed p\u0159\u00edli\u0161 dob\u0159e? Se svou &hellip; ","datePublished":"2024-04-01","dateModified":"2024-04-01","author":{"@type":"Person","@id":"https:\/\/www.datop.cz\/author\/#Person","name":"","url":"https:\/\/www.datop.cz\/author\/","identifier":1,"image":{"@type":"ImageObject","@id":"https:\/\/secure.gravatar.com\/avatar\/edf965aa5e6319b22667bed24bb070a38fc0326fd1c728db50dc1d860a4a16ad?s=96&d=mm&r=g","url":"https:\/\/secure.gravatar.com\/avatar\/edf965aa5e6319b22667bed24bb070a38fc0326fd1c728db50dc1d860a4a16ad?s=96&d=mm&r=g","height":96,"width":96}},"publisher":{"@type":"Organization","name":"datop.cz","logo":{"@type":"ImageObject","@id":"\/logo.png","url":"\/logo.png","width":600,"height":60}},"url":"https:\/\/www.datop.cz\/nabytek-pro-vas\/","wordCount":274,"articleBody":"U\u017e dlouhou dobu p\u0159em\u00fd\u0161l\u00edte o tom, \u017ee si po\u0159\u00edd\u00edte nov\u00fd n\u00e1bytek, proto\u017ee ten star\u00fd u\u017e neslou\u017e\u00ed p\u0159\u00edli\u0161 dob\u0159e? Se svou rozvrzanou postel\u00ed se u\u017e p\u0159\u00edli\u0161 nekamar\u00e1d\u00edte a st\u016fl, kter\u00fd se st\u00e1le k\u00fdv\u00e1, se V\u00e1m tak\u00e9 nel\u00edb\u00ed? Potom to bude cht\u00edt n\u011bco nov\u00e9ho! Nab\u00edz\u00edme V\u00e1m proto nov\u00fd n\u00e1bytek z masivu, kter\u00fd bude nejen praktickou a u\u017eite\u010dnou \u010d\u00e1st\u00ed Va\u0161eho domova, ale tak\u00e9 bude estetickou slo\u017ekou, kter\u00e1 nesm\u00ed chyb\u011bt. Ud\u011blejte sv\u016fj domov kr\u00e1sn\u011bj\u0161\u00edm, prom\u011b\u0148te jej v\u00edce p\u0159\u00edrodn\u00edm sm\u011brem, kter\u00fd V\u00e1m bude p\u0159in\u00e1\u0161et dobrou n\u00e1ladu a spokojenost. D\u0159evo je velice zaj\u00edmav\u00fdm materi\u00e1lem, kter\u00fd dok\u00e1\u017ee i uklid\u0148ovat, tak\u017ee nev\u00e1hejte a kupte si n\u00e1bytek pr\u00e1v\u011b u n\u00e1s!Garance kvalityCht\u011bli byste ov\u0161em n\u011bjakou garanci kvality, pokud si m\u00e1te n\u00e1bytek z masivu zakoupit? Cht\u011bli byste vyzkou\u0161et n\u011bco nov\u00e9ho, ale chcete m\u00edt jistotu, \u017ee ten onen produkt bude skute\u010dn\u011b byteln\u00fd a po p\u0159est\u011bhov\u00e1n\u00ed se V\u00e1m nerozpadne? Takovou garanci V\u00e1m m\u016f\u017eeme d\u00e1t a to formou z\u00e1ru\u010dn\u00ed doby! A co d\u011blat v p\u0159\u00edpad\u011b, \u017ee byste nev\u011bd\u011bli, kter\u00e9 parametry jsou t\u011bmi spr\u00e1vn\u00fdmi \u010di kter\u00e9 dopl\u0148ky vybrat? V takov\u00e9m p\u0159\u00edpad\u011b jsou tu pro V\u00e1s na\u0161i \u0161kolen\u00ed pracovn\u00edci, kte\u0159\u00ed dovedou poradit se v\u0161\u00edm, na\u010d si jen vzpomenete!                                                                                                                                                                                                                                                                                                                                                                                        4.8\/5 - (5 votes)        "},{"@context":"https:\/\/schema.org\/","@type":"BreadcrumbList","itemListElement":[{"@type":"ListItem","position":1,"name":"N\u00e1bytek pro V\u00e1s","item":"https:\/\/www.datop.cz\/nabytek-pro-vas\/#breadcrumbitem"}]}]