[{"@context":"https:\/\/schema.org\/","@type":"Article","@id":"https:\/\/www.datop.cz\/uvazujete-o-sklenenych-dverich-a-zastenach\/#Article","mainEntityOfPage":"https:\/\/www.datop.cz\/uvazujete-o-sklenenych-dverich-a-zastenach\/","headline":"Uva\u017eujete o sklen\u011bn\u00fdch dve\u0159\u00edch a z\u00e1st\u011bn\u00e1ch?","name":"Uva\u017eujete o sklen\u011bn\u00fdch dve\u0159\u00edch a z\u00e1st\u011bn\u00e1ch?","description":"Jsou lid\u00e9, kte\u0159\u00ed zva\u017euj\u00ed, \u017ee by zkusili sklen\u011bn\u00e9 dve\u0159e a z\u00e1st\u011bny a to proto, \u017ee jim n\u011bco takov\u00e9ho p\u0159ipad\u00e1 ide\u00e1ln\u00ed. &hellip; ","datePublished":"2023-03-25","dateModified":"2023-04-25","author":{"@type":"Person","@id":"https:\/\/www.datop.cz\/author\/#Person","name":"","url":"https:\/\/www.datop.cz\/author\/","identifier":1,"image":{"@type":"ImageObject","@id":"https:\/\/secure.gravatar.com\/avatar\/edf965aa5e6319b22667bed24bb070a38fc0326fd1c728db50dc1d860a4a16ad?s=96&d=mm&r=g","url":"https:\/\/secure.gravatar.com\/avatar\/edf965aa5e6319b22667bed24bb070a38fc0326fd1c728db50dc1d860a4a16ad?s=96&d=mm&r=g","height":96,"width":96}},"publisher":{"@type":"Organization","name":"datop.cz","logo":{"@type":"ImageObject","@id":"\/logo.png","url":"\/logo.png","width":600,"height":60}},"image":{"@type":"ImageObject","@id":"https:\/\/www.datop.cz\/wp-content\/uploads\/dve%C5%99_1.JPG","url":"https:\/\/www.datop.cz\/wp-content\/uploads\/dve%C5%99_1.JPG","height":0,"width":0},"url":"https:\/\/www.datop.cz\/uvazujete-o-sklenenych-dverich-a-zastenach\/","about":["V\u00fdrobky"],"wordCount":429,"articleBody":"       Jsou lid\u00e9, kte\u0159\u00ed zva\u017euj\u00ed, \u017ee by zkusili sklen\u011bn\u00e9 dve\u0159e a z\u00e1st\u011bny a to proto, \u017ee jim n\u011bco takov\u00e9ho p\u0159ipad\u00e1 ide\u00e1ln\u00ed. Pro\u010d o n\u011b\u010dem takov\u00e9m \u010dlov\u011bk uva\u017euje? Nap\u0159\u00edklad proto, \u017ee takov\u00e9 z\u00e1dve\u0159\u00ed m\u016f\u017ee b\u00fdt tmav\u00fdm m\u00edstem, jeliko\u017e zde neb\u00fdvaj\u00ed okna. Pokud si \u010dlov\u011bk zvol\u00ed pln\u00e9 dve\u0159e, je jasn\u00e9, \u017ee zde nebude \u017e\u00e1dn\u00e9 sv\u011btlo a to nen\u00ed zrovna ide\u00e1ln\u00ed. Jestli\u017ee m\u00e1te i vy tmav\u00e9 z\u00e1dve\u0159\u00ed, m\u011bli byste zde po\u0159\u00eddit alespo\u0148 prosklen\u00e9 dve\u0159e, kter\u00e9 by v\u016fbec nebyly na \u0161kodu a hlavn\u011b byste do dan\u00e9ho prostoru dostali n\u011bjak\u00e9 to sv\u011btlo.Sklen\u011bn\u00e9 dve\u0159e a z\u00e1st\u011bny kmkdesign jsou ide\u00e1ln\u00ed zejm\u00e9na do interi\u00e9ru. Ka\u017ed\u00fd m\u016f\u017ee m\u00edt doma n\u011bjak\u00e9 prostory, kter\u00e9 mohou p\u016fsobit tmav\u011b a pokud do nich chce \u010dlov\u011bk dostat sv\u011btlo, m\u011bl by na n\u011bco takov\u00e9ho vsadit, pokud se v\u00e1m nechce zasahovat do obvodov\u00e9 zdi a bourat otvory pro okna.S n\u011b\u010d\u00edm takov\u00fdm se m\u016f\u017eeme \u010dasto setkat ve wellness centrech nebo budov\u00e1ch podobn\u00e9ho charakteru. U star\u0161\u00edch rodinn\u00fdch dom\u016f je tak\u00e9 mo\u017en\u00e9 se s n\u011b\u010d\u00edm takov\u00fdm setkat. Je velice d\u016fle\u017eit\u00e9, aby v co nejv\u00edce prostorech bylo denn\u00ed sv\u011btlo. Dnes jen m\u00e1lokoho pot\u011b\u0161\u00ed um\u011bl\u00e9 osv\u011btlen\u00ed. Pokud zva\u017eujete, jak prosv\u011btlit m\u00edstnost, kter\u00e1 m\u00e1 slou\u017eit pro odpo\u010dinek ale nechcete do n\u00ed d\u011blat okna, zkuste sklen\u011bn\u00e9 dve\u0159e nebo z\u00e1st\u011bnu, proto\u017ee je mo\u017en\u00e9, \u017ee bude n\u011bco takov\u00e9ho \u00fapln\u011b sta\u010dit a to zejm\u00e9na, pokud budou nap\u0159\u00edklad takov\u00e9 dve\u0159e dostate\u010dn\u011b \u0161irok\u00e9.\u010clov\u011bk m\u016f\u017ee b\u00fdt mnohdy velmi p\u0159ekvapen t\u00edm, kolik sv\u011btla mohou do interi\u00e9ru p\u0159iv\u00e9st sklen\u011bn\u00e9 dve\u0159e. Nebojte se toho, \u017ee by se nena\u0161la spole\u010dnost, kter\u00e1 by v\u00e1m n\u011bco takov\u00e9ho, jako jsou sklen\u011bn\u00e9 dve\u0159e nebo z\u00e1st\u011bny nezhotovila. N\u011bkter\u00e9 spole\u010dnosti se dokonce zam\u011b\u0159uj\u00ed p\u0159\u00edmo na n\u011bco takov\u00e9ho, tak\u017ee se \u010dlov\u011bk skute\u010dn\u011b nemus\u00ed ni\u010deho ob\u00e1vat. V\u011b\u0159\u00edme, \u017ee i vy byste si s n\u011b\u010d\u00edm takov\u00fdm \u00fapln\u011b vysta\u010dili. Je ale pot\u0159eba v\u0161echno dostate\u010dn\u011b promyslet, abyste na konec nezjistili, \u017ee n\u011bco takov\u00e9ho nebude sta\u010dit tak, jak jste si mysleli.                                                                                                                                                                                                                                                                                                                                                                                          2.3\/5 - (3 votes)        "},{"@context":"https:\/\/schema.org\/","@type":"BreadcrumbList","itemListElement":[{"@type":"ListItem","position":1,"name":"Uva\u017eujete o sklen\u011bn\u00fdch dve\u0159\u00edch a z\u00e1st\u011bn\u00e1ch?","item":"https:\/\/www.datop.cz\/uvazujete-o-sklenenych-dverich-a-zastenach\/#breadcrumbitem"}]}]