[{"@context":"https:\/\/schema.org\/","@type":"Article","@id":"https:\/\/www.datop.cz\/vysoka-moda\/#Article","mainEntityOfPage":"https:\/\/www.datop.cz\/vysoka-moda\/","headline":"Vysok\u00e1 m\u00f3da","name":"Vysok\u00e1 m\u00f3da","description":"Zaj\u00edm\u00e1te se o m\u00f3du? Pokud ano, tak v\u00e1s jist\u011b budou zaj\u00edmat r\u016fzn\u00e9 n\u00e1zory na to, co je modern\u00ed. A co &hellip; ","datePublished":"2023-01-06","dateModified":"2023-06-07","author":{"@type":"Person","@id":"https:\/\/www.datop.cz\/author\/#Person","name":"","url":"https:\/\/www.datop.cz\/author\/","identifier":1,"image":{"@type":"ImageObject","@id":"https:\/\/secure.gravatar.com\/avatar\/edf965aa5e6319b22667bed24bb070a38fc0326fd1c728db50dc1d860a4a16ad?s=96&d=mm&r=g","url":"https:\/\/secure.gravatar.com\/avatar\/edf965aa5e6319b22667bed24bb070a38fc0326fd1c728db50dc1d860a4a16ad?s=96&d=mm&r=g","height":96,"width":96}},"publisher":{"@type":"Organization","name":"datop.cz","logo":{"@type":"ImageObject","@id":"\/logo.png","url":"\/logo.png","width":600,"height":60}},"image":{"@type":"ImageObject","@id":"https:\/\/www.datop.cz\/wp-content\/uploads\/moda4_7.jpg","url":"https:\/\/www.datop.cz\/wp-content\/uploads\/moda4_7.jpg","height":0,"width":0},"url":"https:\/\/www.datop.cz\/vysoka-moda\/","about":["M\u00f3da"],"wordCount":417,"articleBody":"Zaj\u00edm\u00e1te se o m\u00f3du? Pokud ano, tak v\u00e1s jist\u011b budou zaj\u00edmat r\u016fzn\u00e9 n\u00e1zory na to, co je modern\u00ed. A co u\u017e nen\u00ed. Jenom\u017ee mnoho lid\u00ed si pr\u00e1v\u011b mysl\u00ed, \u017ee co je modern\u00ed, tak to tak\u00e9 mus\u00ed b\u00fdt opravdu stylov\u00e9 a dokonal\u00e9 a tak\u00e9 nositeln\u00e9. Jenom\u017ee jarn\u00ed se d\u00edv\u00e1m v televizi v\u011bt\u0161inou na m\u00f3dn\u00ed p\u0159ehl\u00eddky, tak je to v\u011bt\u0161inou to je to v p\u0159ekladu vysok\u00e1 m\u00f3da neboli vysok\u00e1 krej\u010dovina. J\u00e1 ch\u00e1pu, \u017ee tohle m\u00f3dn\u00ed n\u00e1vrh\u00e1\u0159i maj\u00ed tak\u00e9 za \u00fakol a \u017ee je bav\u00ed d\u011blat n\u011bjak\u00e9 v\u0161elijak\u00e9 m\u00f3dn\u00ed kreace anebo velk\u00e9 ve\u010dern\u00ed r\u00f3by. Abych pravdu \u0159ekla, mn\u011b se tohle tak\u00e9 samoz\u0159ejm\u011b l\u00edb\u00ed, ale n\u011bkdy je toho opravdu a\u017e moc. Kolikr\u00e1t v\u00edd\u00e1m takov\u00e9 m\u00f3dn\u00ed kreace heute couture, \u017ee by se to nedalo nosit snad ani na n\u011bjak\u00e9m ma\u0161karn\u00edm b\u00e1lu. Jednou jsem tam vid\u011bla takov\u00e9 \u0161aty. Byly modr\u00e9, ale byly dlouh\u00e9, m\u011bli vle\u010dku snad asi deset\u00a0metr\u016f dlouhou a byly takov\u00e9 na\u010dan\u010dan\u00e9 a takov\u00e9 extra balonov\u00e9 ruk\u00e1vy, \u017ee kdyby se koukali ucpali a napumpovaly se heliem, tak by samoz\u0159ejm\u011b ta \u017eena v t\u011bch \u0161atech odl\u00e9tla. \u0158ekla jsem si, \u017ee tohle je snad \u00fapln\u00e1 \u0161koda materi\u00e1lu a tak\u00e9 lidsk\u00e9 pracovn\u00ed s\u00edly. Proto\u017ee mi \u0159ekn\u011bte, kdo si tohle vezmeme? Je\u0161t\u011b nav\u00edc tak \u0161irok\u00e1 kolov\u00e1 na\u010dechran\u00e1 sukn\u011b byla tak velik\u00e1, \u017ee by se tam ve\u0161lo snad deset \u017een. Tak\u017ee podle m\u00e9ho n\u00e1zoru na sob\u011b tohle nosit opravdu zbyte\u010dn\u00e9. Nav\u00edc tento model st\u00e1l skoro dv\u011b st\u011b tis\u00edc korun, tak\u017ee pochybuji, \u017ee by si to n\u011bkdo koupil, \u017ee by si to vzal jenom na jednu jedinou akci a potom by to nechal doma viset na ram\u00ednku. Je to \u0161koda, proto\u017ee kdybych j\u00e1 byla \u0161vadlena, tak rad\u011bji si n\u011bjak\u00e9 kvalitn\u00ed oble\u010den\u00ed, kter\u00e9 vydr\u017e\u00ed n\u011bkolik dek\u00e1d a nen\u00ed to jenom snad na jedno pou\u017eit\u00ed. M\u00f3da byla tady v\u017edycky a jak u\u017e dokl\u00e1d\u00e1 historie, tak jde vid\u011bt, jak m\u00f3da se hodn\u011b\u00a0m\u011bn\u00ed. Od velk\u00fdch na\u010dan\u010dan\u00fdch \u0161at\u016f, a\u017e po oby\u010dejnou streetwearovou m\u00f3du, kterou\u00a0m\u00e1m velmi obl\u00edbenou j\u00e1. Z\u00e1le\u017e\u00ed na tom, jak\u00fd kdo m\u00e1 styl.                                                                                                                                                                                                                                                                                                                                                                                        4.9\/5 - (9 votes)        "},{"@context":"https:\/\/schema.org\/","@type":"BreadcrumbList","itemListElement":[{"@type":"ListItem","position":1,"name":"Vysok\u00e1 m\u00f3da","item":"https:\/\/www.datop.cz\/vysoka-moda\/#breadcrumbitem"}]}]